{"id":50,"date":"2023-07-18T17:00:28","date_gmt":"2023-07-18T15:00:28","guid":{"rendered":"https:\/\/www.decfa.net\/?p=50"},"modified":"2025-03-23T17:01:07","modified_gmt":"2025-03-23T16:01:07","slug":"decfa-pone-en-valor-su-caracter-familiar-y-la-automatizacion-de-procesos","status":"publish","type":"post","link":"https:\/\/www.decfa.net\/es\/decfa-pone-en-valor-su-caracter-familiar-y-la-automatizacion-de-procesos\/","title":{"rendered":"Decfa pone en valor su car\u00e1cter familiar y la automatizaci\u00f3n de procesos"},"content":{"rendered":"\n<p class=\"wp-block-paragraph\">Dentro del programa del <a href=\"https:\/\/sidcongress.cat\/\" target=\"_blank\" rel=\"noreferrer noopener\">SID Congress<\/a>, clausurado a mediados de junio, los asistentes procedentes de diferentes pa\u00edses de todo el mundo pudieron conocer de primera mano algunas de las empresas m\u00e1s representativas del mundo del decoletaje de la zona. Uno de los d\u00edas de visita le toc\u00f3 el turno a <a href=\"https:\/\/www.decfa.net\/\" target=\"_blank\" rel=\"noreferrer noopener\">Decfa<\/a>, liderada por Joan Enric i Jordi Farr\u00e9s, presidente este \u00faltimo tambi\u00e9n de Adecat.<\/p>\n\n\n\n<p class=\"wp-block-paragraph\"><a href=\"https:\/\/www.interempresas.net\/Subcontratacion-Servicios\/Articulos\/485154-Decfa-pone-en-valor-su-caracter-familiar-y-el-proceso-de-produccion-continua.html\" target=\"_blank\" rel=\"noreferrer noopener\">Leer noticia completa<\/a><\/p>\n\n\n\n<p class=\"wp-block-paragraph\"><br><\/p>\n","protected":false},"excerpt":{"rendered":"<p>Dentro del programa del SID Congress, clausurado a mediados de junio, los asistentes procedentes de diferentes pa\u00edses de todo el mundo pudieron conocer de primera mano algunas de las empresas m\u00e1s representativas del mundo del decoletaje de la zona. Uno de los d\u00edas de visita le toc\u00f3 el turno a Decfa, liderada por Joan Enric&hellip;&nbsp;<a href=\"https:\/\/www.decfa.net\/es\/decfa-pone-en-valor-su-caracter-familiar-y-la-automatizacion-de-procesos\/\" rel=\"bookmark\">Leer m\u00e1s &raquo;<span class=\"screen-reader-text\">Decfa pone en valor su car\u00e1cter familiar y la automatizaci\u00f3n de procesos<\/span><\/a><\/p>\n","protected":false},"author":1,"featured_media":0,"comment_status":"closed","ping_status":"open","sticky":false,"template":"","format":"standard","meta":{"neve_meta_sidebar":"","neve_meta_container":"","neve_meta_enable_content_width":"","neve_meta_content_width":0,"neve_meta_title_alignment":"","neve_meta_author_avatar":"","neve_post_elements_order":"","neve_meta_disable_header":"","neve_meta_disable_footer":"","neve_meta_disable_title":"","footnotes":""},"categories":[1],"tags":[],"class_list":["post-50","post","type-post","status-publish","format-standard","hentry","category-sin-categoria"],"_links":{"self":[{"href":"https:\/\/www.decfa.net\/es\/wp-json\/wp\/v2\/posts\/50","targetHints":{"allow":["GET"]}}],"collection":[{"href":"https:\/\/www.decfa.net\/es\/wp-json\/wp\/v2\/posts"}],"about":[{"href":"https:\/\/www.decfa.net\/es\/wp-json\/wp\/v2\/types\/post"}],"author":[{"embeddable":true,"href":"https:\/\/www.decfa.net\/es\/wp-json\/wp\/v2\/users\/1"}],"replies":[{"embeddable":true,"href":"https:\/\/www.decfa.net\/es\/wp-json\/wp\/v2\/comments?post=50"}],"version-history":[{"count":1,"href":"https:\/\/www.decfa.net\/es\/wp-json\/wp\/v2\/posts\/50\/revisions"}],"predecessor-version":[{"id":51,"href":"https:\/\/www.decfa.net\/es\/wp-json\/wp\/v2\/posts\/50\/revisions\/51"}],"wp:attachment":[{"href":"https:\/\/www.decfa.net\/es\/wp-json\/wp\/v2\/media?parent=50"}],"wp:term":[{"taxonomy":"category","embeddable":true,"href":"https:\/\/www.decfa.net\/es\/wp-json\/wp\/v2\/categories?post=50"},{"taxonomy":"post_tag","embeddable":true,"href":"https:\/\/www.decfa.net\/es\/wp-json\/wp\/v2\/tags?post=50"}],"curies":[{"name":"wp","href":"https:\/\/api.w.org\/{rel}","templated":true}]}}