{"id":191,"date":"2023-07-18T17:00:28","date_gmt":"2023-07-18T15:00:28","guid":{"rendered":"https:\/\/www.decfa.net\/decfa-posa-en-valor-el-caracter-familiar-i-lautomatitzacio-de-processos\/"},"modified":"2025-03-27T19:07:35","modified_gmt":"2025-03-27T18:07:35","slug":"decfa-posa-en-valor-el-caracter-familiar-i-lautomatitzacio-de-processos","status":"publish","type":"post","link":"https:\/\/www.decfa.net\/ca\/decfa-posa-en-valor-el-caracter-familiar-i-lautomatitzacio-de-processos\/","title":{"rendered":"Decfa posa en valor el car\u00e0cter familiar i l&#8217;automatitzaci\u00f3 de processos"},"content":{"rendered":"\n<p class=\"wp-block-paragraph\">Dins del programa del <a href=\"https:\/\/sidcongress.cat\/\" target=\"_blank\" rel=\"noreferrer noopener\">SID Congress<\/a> , clausurat a mitjans de juny, els assistents procedents de diferents pa\u00efsos de tot el m\u00f3n van poder con\u00e8ixer de primera m\u00e0 algunes de les empreses m\u00e9s representatives del m\u00f3n del decolletatge de la zona. Un dels dies de visita va tocar el torn a <a href=\"https:\/\/www.decfa.net\/ca\/\" target=\"_blank\" rel=\"noreferrer noopener\">Decfa<\/a> , liderada per Joan Enric i Jordi Farr\u00e9s, president aquest darrer tamb\u00e9 d&#8217;Adecat.<\/p>\n\n<p class=\"wp-block-paragraph\"><a href=\"https:\/\/www.interempresas.net\/Subcontratacion-Servicios\/Articulos\/485154-Decfa-pone-en-valor-su-caracter-familiar-y-el-proceso-de-produccion-continua.html\" target=\"_blank\" rel=\"noreferrer noopener\">Llegir not\u00edcia completa<\/a><\/p>\n\n<p class=\"wp-block-paragraph\"><br\/><\/p>\n","protected":false},"excerpt":{"rendered":"<p>Dins del programa del SID Congress , clausurat a mitjans de juny, els assistents procedents de diferents pa\u00efsos de tot el m\u00f3n van poder con\u00e8ixer de primera m\u00e0 algunes de les empreses m\u00e9s representatives del m\u00f3n del decolletatge de la zona. Un dels dies de visita va tocar el torn a Decfa , liderada per&hellip;&nbsp;<a href=\"https:\/\/www.decfa.net\/ca\/decfa-posa-en-valor-el-caracter-familiar-i-lautomatitzacio-de-processos\/\" rel=\"bookmark\">Llegiu m\u00e9s &raquo;<span class=\"screen-reader-text\">Decfa posa en valor el car\u00e0cter familiar i l&#8217;automatitzaci\u00f3 de processos<\/span><\/a><\/p>\n","protected":false},"author":1,"featured_media":0,"comment_status":"closed","ping_status":"open","sticky":false,"template":"","format":"standard","meta":{"neve_meta_sidebar":"","neve_meta_container":"","neve_meta_enable_content_width":"","neve_meta_content_width":0,"neve_meta_title_alignment":"","neve_meta_author_avatar":"","neve_post_elements_order":"","neve_meta_disable_header":"","neve_meta_disable_footer":"","neve_meta_disable_title":"","footnotes":""},"categories":[1],"tags":[],"class_list":["post-191","post","type-post","status-publish","format-standard","hentry","category-sin-categoria"],"_links":{"self":[{"href":"https:\/\/www.decfa.net\/ca\/wp-json\/wp\/v2\/posts\/191","targetHints":{"allow":["GET"]}}],"collection":[{"href":"https:\/\/www.decfa.net\/ca\/wp-json\/wp\/v2\/posts"}],"about":[{"href":"https:\/\/www.decfa.net\/ca\/wp-json\/wp\/v2\/types\/post"}],"author":[{"embeddable":true,"href":"https:\/\/www.decfa.net\/ca\/wp-json\/wp\/v2\/users\/1"}],"replies":[{"embeddable":true,"href":"https:\/\/www.decfa.net\/ca\/wp-json\/wp\/v2\/comments?post=191"}],"version-history":[{"count":1,"href":"https:\/\/www.decfa.net\/ca\/wp-json\/wp\/v2\/posts\/191\/revisions"}],"predecessor-version":[{"id":193,"href":"https:\/\/www.decfa.net\/ca\/wp-json\/wp\/v2\/posts\/191\/revisions\/193"}],"wp:attachment":[{"href":"https:\/\/www.decfa.net\/ca\/wp-json\/wp\/v2\/media?parent=191"}],"wp:term":[{"taxonomy":"category","embeddable":true,"href":"https:\/\/www.decfa.net\/ca\/wp-json\/wp\/v2\/categories?post=191"},{"taxonomy":"post_tag","embeddable":true,"href":"https:\/\/www.decfa.net\/ca\/wp-json\/wp\/v2\/tags?post=191"}],"curies":[{"name":"wp","href":"https:\/\/api.w.org\/{rel}","templated":true}]}}